{"id":5868,"date":"2025-09-03T10:07:17","date_gmt":"2025-09-03T00:37:17","guid":{"rendered":"https:\/\/consadelaide.esteri.it\/?p=5868"},"modified":"2025-10-27T12:39:33","modified_gmt":"2025-10-27T02:09:33","slug":"la-fondazione-arena-di-verona-ad-adelaide-con-laida-di-giuseppe-verdi-nelliconico-allestimento-di-franco-zeffirelli","status":"publish","type":"post","link":"https:\/\/consadelaide.esteri.it\/it\/news\/dal_consolato\/2025\/09\/la-fondazione-arena-di-verona-ad-adelaide-con-laida-di-giuseppe-verdi-nelliconico-allestimento-di-franco-zeffirelli\/","title":{"rendered":"La Fondazione Arena di Verona ad Adelaide con l\u2019Aida di Giuseppe Verdi, nell&#8217;iconico allestimento di Franco Zeffirelli"},"content":{"rendered":"<p style=\"text-align: justify;\">Descritta come la pi\u00f9 grande produzione teatrale mai realizzata in Australia, l\u2019acclamata \u201cAida di Zeffirelli\u201d far\u00e0 il suo debutto in esclusiva internazionale ad Adelaide il 5-6 febbraio 2026. In circa 400, tra orchestrali, coristi, ballerini e maestranze della Fondazione Arena di Verona, giungeranno nella capitale dell\u2019Australia meridionale, con 28 container al seguito, per rappresentare, in collaborazione con 300 artisti locali, incluso il coro dell\u2019Opera di Stato del South Australia (State Opera SA), questa leggendaria produzione.<\/p>\n<p style=\"text-align: justify;\">L\u2019Orchestra sar\u00e0 diretta dal Maestro Nicola Luisotti mentre il Cast sar\u00e0 cos\u00ec composto:<br \/>\n<strong>Gioved\u00ec 5 febbraio<\/strong> &#8211; Jonas Kaufmann (Radam\u00e8s), Angel Blue (Aida), El\u012bna Garan\u010da (Amneris)<br \/>\n<strong>Venerd\u00ec 6 febbraio<\/strong> &#8211; Brian Jagde (Radam\u00e8s), Maria Jos\u00e9 Siri (Aida), Agnieszka Rehlis (Amneris).<\/p>\n<p style=\"text-align: justify;\">Il progetto, reso possibile dall\u2019accordo tra le aziende americane TEG Live e Condon Presents con la Fondazione Arena di Verona, \u00e8 sostenuto dal Governo del South Australia e dalla State Opera SA che nel 2026 celebrer\u00e0 il 50\u00b0 anniversario della sua fondazione.<\/p>\n<p>Per seguire l\u2019evento: <a href=\"http:\/\/www.aidaadelaide.com.au\">www.aidaadelaide.com.au<\/a><\/p>\n<p>&nbsp;<\/p>\n","protected":false},"excerpt":{"rendered":"Descritta come la pi\u00f9 grande produzione teatrale mai realizzata in Australia, l\u2019acclamata \u201cAida di Zeffirelli\u201d far\u00e0 il suo debutto in esclusiva internazionale ad Adelaide il 5-6 febbraio 2026. In circa 400, tra orchestrali, coristi, ballerini e maestranze della Fondazione Arena di Verona, giungeranno nella capitale dell\u2019Australia meridionale, con 28 container al seguito, per rappresentare, in [&hellip;]","protected":false},"author":6,"featured_media":5869,"comment_status":"closed","ping_status":"closed","sticky":false,"template":"","format":"standard","meta":{"footnotes":""},"tags":[],"class_list":["post-5868","post","type-post","status-publish","format-standard","has-post-thumbnail","hentry"],"_links":{"self":[{"href":"https:\/\/consadelaide.esteri.it\/it\/wp-json\/wp\/v2\/posts\/5868","targetHints":{"allow":["GET"]}}],"collection":[{"href":"https:\/\/consadelaide.esteri.it\/it\/wp-json\/wp\/v2\/posts"}],"about":[{"href":"https:\/\/consadelaide.esteri.it\/it\/wp-json\/wp\/v2\/types\/post"}],"author":[{"embeddable":true,"href":"https:\/\/consadelaide.esteri.it\/it\/wp-json\/wp\/v2\/users\/6"}],"replies":[{"embeddable":true,"href":"https:\/\/consadelaide.esteri.it\/it\/wp-json\/wp\/v2\/comments?post=5868"}],"version-history":[{"count":4,"href":"https:\/\/consadelaide.esteri.it\/it\/wp-json\/wp\/v2\/posts\/5868\/revisions"}],"predecessor-version":[{"id":5891,"href":"https:\/\/consadelaide.esteri.it\/it\/wp-json\/wp\/v2\/posts\/5868\/revisions\/5891"}],"wp:featuredmedia":[{"embeddable":true,"href":"https:\/\/consadelaide.esteri.it\/it\/wp-json\/wp\/v2\/media\/5869"}],"wp:attachment":[{"href":"https:\/\/consadelaide.esteri.it\/it\/wp-json\/wp\/v2\/media?parent=5868"}],"wp:term":[{"taxonomy":"post_tag","embeddable":true,"href":"https:\/\/consadelaide.esteri.it\/it\/wp-json\/wp\/v2\/tags?post=5868"}],"curies":[{"name":"wp","href":"https:\/\/api.w.org\/{rel}","templated":true}]}}