{"id":5876,"date":"2025-09-03T10:07:17","date_gmt":"2025-09-03T00:37:17","guid":{"rendered":"https:\/\/consadelaide.esteri.it\/?p=5876"},"modified":"2025-09-03T10:23:29","modified_gmt":"2025-09-03T00:53:29","slug":"the-arena-foundation-of-verona-in-adelaide-with-giuseppe-verdis-aida-in-the-iconic-staging-by-franco-zeffirelli","status":"publish","type":"post","link":"https:\/\/consadelaide.esteri.it\/en\/news\/dal_consolato\/2025\/09\/the-arena-foundation-of-verona-in-adelaide-with-giuseppe-verdis-aida-in-the-iconic-staging-by-franco-zeffirelli\/","title":{"rendered":"The Arena Foundation of Verona in Adelaide with Giuseppe Verdi&#8217;s Aida, in the iconic staging by Franco Zeffirelli"},"content":{"rendered":"<p style=\"text-align: justify;\">Described as the largest theatrical production ever staged in Australia, the acclaimed \u201cZeffirelli\u2019s Aida\u201d will make its international debut in Adelaide on February 5-6, 2026. Around 400 people, including orchestra members, choristers, dancers, and technicians from the Arena Foundation of Verona, will arrive in the South Australian capital with 28 containers in tow, to perform this legendary production in collaboration with 300 local artists, including the State Opera of South Australia (State Opera SA) choir.<\/p>\n<p style=\"text-align: justify;\" data-start=\"693\" data-end=\"985\">The Orchestra will be conducted by Maestro Nicola Luisotti, and the cast will be as follows:<br data-start=\"785\" data-end=\"788\" \/><strong data-start=\"788\" data-end=\"812\">Thursday, February 5<\/strong> \u2013 Jonas Kaufmann (Radam\u00e8s), Angel Blue (Aida), El\u012bna Garan\u010da (Amneris)<br data-start=\"883\" data-end=\"886\" \/><strong data-start=\"886\" data-end=\"908\">Friday, February 6<\/strong> \u2013 Brian Jagde (Radam\u00e8s), Maria Jos\u00e9 Siri (Aida), Agnieszka Rehlis (Amneris).<\/p>\n<p style=\"text-align: justify;\" data-start=\"987\" data-end=\"1268\">The project, made possible by the agreement between the American companies TEG Live and Condon Presents with the Arena Foundation of Verona, is supported by the Government of South Australia and the State Opera SA, which will celebrate the 50th anniversary of its founding in 2026.<\/p>\n<p data-start=\"1270\" data-end=\"1343\">To follow the event: <a href=\"http:\/\/www.aidaadelaide.com.au\">\u00a0www.aidaadelaide.com.au<\/a><\/p>\n<p>&nbsp;<\/p>\n","protected":false},"excerpt":{"rendered":"Described as the largest theatrical production ever staged in Australia, the acclaimed \u201cZeffirelli\u2019s Aida\u201d will make its international debut in Adelaide on February 5-6, 2026. Around 400 people, including orchestra members, choristers, dancers, and technicians from the Arena Foundation of Verona, will arrive in the South Australian capital with 28 containers in tow, to perform [&hellip;]","protected":false},"author":6,"featured_media":5869,"comment_status":"closed","ping_status":"closed","sticky":false,"template":"","format":"standard","meta":{"footnotes":""},"tags":[],"class_list":["post-5876","post","type-post","status-publish","format-standard","has-post-thumbnail","hentry"],"_links":{"self":[{"href":"https:\/\/consadelaide.esteri.it\/en\/wp-json\/wp\/v2\/posts\/5876","targetHints":{"allow":["GET"]}}],"collection":[{"href":"https:\/\/consadelaide.esteri.it\/en\/wp-json\/wp\/v2\/posts"}],"about":[{"href":"https:\/\/consadelaide.esteri.it\/en\/wp-json\/wp\/v2\/types\/post"}],"author":[{"embeddable":true,"href":"https:\/\/consadelaide.esteri.it\/en\/wp-json\/wp\/v2\/users\/6"}],"replies":[{"embeddable":true,"href":"https:\/\/consadelaide.esteri.it\/en\/wp-json\/wp\/v2\/comments?post=5876"}],"version-history":[{"count":3,"href":"https:\/\/consadelaide.esteri.it\/en\/wp-json\/wp\/v2\/posts\/5876\/revisions"}],"predecessor-version":[{"id":5888,"href":"https:\/\/consadelaide.esteri.it\/en\/wp-json\/wp\/v2\/posts\/5876\/revisions\/5888"}],"wp:featuredmedia":[{"embeddable":true,"href":"https:\/\/consadelaide.esteri.it\/en\/wp-json\/wp\/v2\/media\/5869"}],"wp:attachment":[{"href":"https:\/\/consadelaide.esteri.it\/en\/wp-json\/wp\/v2\/media?parent=5876"}],"wp:term":[{"taxonomy":"post_tag","embeddable":true,"href":"https:\/\/consadelaide.esteri.it\/en\/wp-json\/wp\/v2\/tags?post=5876"}],"curies":[{"name":"wp","href":"https:\/\/api.w.org\/{rel}","templated":true}]}}